{
    "id": 713,
    "date": "2022-02-24T19:21:29",
    "date_gmt": "2022-02-24T19:21:29",
    "guid": {
        "rendered": "https:\/\/www.retos.org.mx\/?page_id=713"
    },
    "modified": "2022-10-19T15:35:18",
    "modified_gmt": "2022-10-19T21:35:18",
    "slug": "internship",
    "status": "publish",
    "type": "page",
    "link": "http:\/\/www.retos.org.mx\/en_us\/internship\/",
    "title": {
        "rendered": "Internship &#038; Social Service"
    },
    "content": {
        "rendered": "<div id='av_section_1' class='avia-section main_color avia-section-huge avia-no-border-styling avia-full-stretch av-parallax-section av-section-color-overlay-active avia-bg-style-parallax  avia-builder-el-0  el_before_av_section  avia-builder-el-first   av-minimum-height av-minimum-height-75 container_wrap sidebar_right' style=' '  data-section-bg-repeat='stretch'><div class='av-parallax' data-avia-parallax-ratio='0.3' ><div class='av-parallax-inner main_color  avia-full-stretch' style = 'background-repeat: no-repeat; background-image: url(https:\/\/www.retos.org.mx\/wp-content\/uploads\/2022\/10\/saludo.jpg);background-attachment: scroll; background-position: top center; ' ><\/div><\/div><div class='av-section-color-overlay-wrap'><div class='av-section-color-overlay' style='opacity: 0.8; background-color: #29a2ca; '><\/div><div class='container' ><main  role=\"main\" itemprop=\"mainContentOfPage\"  class='template-page content  av-content-small alpha units'><div class='post-entry post-entry-type-page post-entry-713'><div class='entry-content-wrapper clearfix'>\n<div class=\"flex_column av_one_fifth  flex_column_div first  avia-builder-el-1  el_before_av_three_fifth  avia-builder-el-first\" ><\/div><div class=\"flex_column av_three_fifth  flex_column_div   avia-builder-el-2  el_after_av_one_fifth  el_before_av_one_fifth\" ><p><div style='padding-bottom:10px; color:#ffffff;font-size:40px;' class='av-special-heading av-special-heading-h1 custom-color-heading blockquote modern-quote modern-centered  avia-builder-el-3  el_before_av_hr  avia-builder-el-first  av-thin-font av-inherit-size'><h1 class='av-special-heading-tag'  itemprop=\"headline\"  >Encouraging values of <strong>respect, teamwork, optimism and solidarity<\/strong><\/h1><div class='special-heading-border'><div class='special-heading-inner-border' style='border-color:#ffffff'><\/div><\/div><\/div><br \/>\n<div style=' margin-top:40px; margin-bottom:40px;'  class='hr hr-custom hr-center hr-icon-no   avia-builder-el-4  el_after_av_heading  avia-builder-el-last'><span class='hr-inner   inner-border-av-border-fat' style=' width:50px; border-color:#ffffff;' ><span class='hr-inner-style'><\/span><\/span><\/div><\/p><\/div><div class=\"flex_column av_one_fifth  flex_column_div   avia-builder-el-5  el_after_av_three_fifth  avia-builder-el-last\" ><\/div>\n\n<\/div><\/div><\/main><!-- close content main element --><\/div><\/div><\/div><div id='values' class='avia-section main_color avia-section-default avia-no-border-styling avia-bg-style-scroll  avia-builder-el-6  el_after_av_section  el_before_av_section   av-arrow-down-section container_wrap sidebar_right' style=' '  ><div class='container' ><div class='template-page content  av-content-small alpha units'><div class='post-entry post-entry-type-page post-entry-713'><div class='entry-content-wrapper clearfix'>\n<div class=\"flex_column av_one_fifth  flex_column_div first  avia-builder-el-7  el_before_av_three_fifth  avia-builder-el-first\" ><\/div><div class=\"flex_column av_three_fifth  flex_column_div   avia-builder-el-8  el_after_av_one_fifth  el_before_av_one_fifth\" ><p><div style='padding-bottom:10px; font-size:40px;' class='av-special-heading av-special-heading-h1  blockquote modern-quote modern-centered  avia-builder-el-9  el_before_av_textblock  avia-builder-el-first  av-thin-font av-inherit-size'><h1 class='av-special-heading-tag'  itemprop=\"headline\"  ><strong>Professional Internship <\/strong> and <strong>Social Service Program<\/strong><\/h1><div class='special-heading-border'><div class='special-heading-inner-border' ><\/div><\/div><\/div><br \/>\n<section class=\"av_textblock_section\"  itemscope=\"itemscope\" itemtype=\"https:\/\/schema.org\/CreativeWork\" ><div class='avia_textblock'   itemprop=\"text\" ><p>Thanks to the <strong>agreements signed with each university<\/strong> RETOS has valuable hands from their students, supporting us through our Social Service Programs and Internships.<\/p>\n<p>They have found that <strong>our institution is a watershed in their life<\/strong>, a &#8220;before and after&#8221;, and that <strong>learning is not only in a professional level, but also the human side<\/strong>, always encouraging values of respect, teamwork, optimism and solidarity.<\/p>\n<\/div><\/section><\/p><\/div><div class=\"flex_column av_one_fifth  flex_column_div   avia-builder-el-11  el_after_av_three_fifth  avia-builder-el-last\" ><\/div>\n\n<\/div><\/div><\/div><!-- close content main div --><\/div><div class='av-extra-border-element border-extra-arrow-down'><div class='av-extra-border-outer'><div class='av-extra-border-inner'  style='background-color:#ffffff;' ><\/div><\/div><\/div><\/div><div id='av_section_3' class='avia-section socket_color avia-section-default avia-no-border-styling avia-bg-style-scroll  avia-builder-el-12  el_after_av_section  el_before_av_section   av-arrow-down-section container_wrap sidebar_right' style=' '  ><div class='container' ><div class='template-page content  av-content-small alpha units'><div class='post-entry post-entry-type-page post-entry-713'><div class='entry-content-wrapper clearfix'>\n<div class=\"flex_column av_one_fifth  flex_column_div first  avia-builder-el-13  el_before_av_three_fifth  avia-builder-el-first\" ><\/div><div class=\"flex_column av_three_fifth  flex_column_div   avia-builder-el-14  el_after_av_one_fifth  el_before_av_one_fifth\" ><section class=\"av_textblock_section\"  itemscope=\"itemscope\" itemtype=\"https:\/\/schema.org\/CreativeWork\" ><div class='avia_textblock  av_inherit_color'  style='color:#ffffff; '  itemprop=\"text\" ><h3><strong>Our programs allow them to provide support in the following areas:<\/strong><\/h3>\n<ul>\n<li>Administrative Area<\/li>\n<li>Computer Area<\/li>\n<li>Psychology Area<\/li>\n<li>Physical Therapy<\/li>\n<li>Nursing Area<\/li>\n<li>Podiatry<\/li>\n<li>Occupational Therapy<\/li>\n<li>Supervision and support to our beneficiaries in various activities that promote social inclusion<\/li>\n<\/ul>\n<\/div><\/section><\/div><div class=\"flex_column av_one_fifth  flex_column_div   avia-builder-el-16  el_after_av_three_fifth  avia-builder-el-last\" ><\/div>\n\n<\/div><\/div><\/div><!-- close content main div --><\/div><div class='av-extra-border-element border-extra-arrow-down'><div class='av-extra-border-outer'><div class='av-extra-border-inner'  style='background-color:#29a2ca;' ><\/div><\/div><\/div><\/div><div id='av_section_4' class='avia-section footer_color avia-section-default avia-no-border-styling avia-bg-style-scroll  avia-builder-el-17  el_after_av_section  el_before_av_section   av-arrow-down-section container_wrap sidebar_right' style='background-color: #eaeaea;  '  ><div class='container' ><div class='template-page content  av-content-small alpha units'><div class='post-entry post-entry-type-page post-entry-713'><div class='entry-content-wrapper clearfix'>\n<div style='padding-bottom:10px; font-size:40px;' class='av-special-heading av-special-heading-h1  blockquote modern-quote modern-centered  avia-builder-el-18  el_before_av_testimonials  avia-builder-el-first  av-thin-font av-inherit-size'><h1 class='av-special-heading-tag'  itemprop=\"headline\"  ><strong>Testimonials<\/strong><\/h1><div class='special-heading-border'><div class='special-heading-inner-border' ><\/div><\/div><\/div>\n<div  data-autoplay='1'  data-interval='5'  data-animation='fade'  data-hoverpause='1'  class='avia-testimonial-wrapper avia-grid-testimonials avia-grid-2-testimonials avia_animate_when_almost_visible'>\n<section class ='avia-testimonial-row'><div class='avia-testimonial av_one_half flex_column no_margin avia-testimonial-row-1 avia-first-testimonial'  itemscope=\"itemscope\" itemtype=\"https:\/\/schema.org\/Person\" ><div class='avia-testimonial_inner'><div class='avia-testimonial-content'    itemscope=\"itemscope\" itemtype=\"https:\/\/schema.org\/CreativeWork\" ><p>As a social service experience, this one has struck me the most. I never had the good fortune to coexist with &#8220;disabled people&#8221;, just to call them someway. At the beginning of this service they explained me the different deficiencies that young people and adults in RETOS have, some of them are motor disabilities, others come from birth, or others by accident. It&#8217;s a shock to arrive and see so many people that from the first day, say they love you and treat you better than normal people, that&#8217;s when you realize that people are sick of body but not of soul. In RETOS you learn to coexist with everyone, and not make the differences that are commonly defined by society, here we are all equal, we all have weaknesses, some more than others, but that doesn&#8217;t matter. In RETOS we are a big family with no established roles, sometimes you behave like children, sometimes like nagging parents, the important thing is that everyone cares for each other. This Social Service widens your perspective of life, making you appreciate what you have, because life can change in a second, or you don&#8217;t know if tomorrow someone of your family can have a disability.<\/p>\n<\/div><div class='avia-testimonial-meta'><div class='avia-testimonial-arrow-wrap'><div class='avia-arrow'><\/div><\/div><div class='avia-testimonial-meta-mini'><strong  class='avia-testimonial-name'    itemprop=\"name\" >Elvira Coello Palacios<\/strong><span  class='avia-testimonial-subtitle'    itemprop=\"jobTitle\" >Servicio Social Comunitario Tecnol\u00f3gico de Monterrey, Campus Monterrey<\/span><\/div><\/div><\/div><\/div>\n<div class='avia-testimonial av_one_half flex_column no_margin avia-testimonial-row-1 avia-last-testimonial'  itemscope=\"itemscope\" itemtype=\"https:\/\/schema.org\/Person\" ><div class='avia-testimonial_inner'><div class='avia-testimonial-content'    itemscope=\"itemscope\" itemtype=\"https:\/\/schema.org\/CreativeWork\" ><p>Para mi Retos como mi servicio social, fue una experiencia muy buena y muy dif\u00edcil. Batallaba para saber qu\u00e9 es lo que los chicos necesitaban, que cuidados necesitaba cada qui\u00e9n y c\u00f3mo comprenderles a algunos. Pero fueron m\u00e1s las ganancias que obtuve. Cada d\u00eda se viv\u00eda una experiencia diferente, una an\u00e9cdota simp\u00e1tica y un disfrute diferente. Los chicos me saludaban con entusiasmo y las servidoras siempre me recibieron con los brazos abiertos y con una sonrisa. No sent\u00eda que fuera trabajo ni que era algo obligatorio. Y por m\u00e1s que me costaba llegar entre clases, se me olvidaban mis pendientes y mis asignaturas porque disfrutaba mucho de tiempo aqu\u00ed con ellos. Aprend\u00ed mucho de ellos, los chicos, porque me ense\u00f1aron que aunque son diferentes y batallan en ciertas cosas\u2026son iguales. Tienen sus personalidades, sus virtudes y sus faltas. Son personas inteligentes, capaces y amorosas. Estoy muy agradecida por la experiencia y espero volver<\/p>\n<\/div><div class='avia-testimonial-meta'><div class='avia-testimonial-arrow-wrap'><div class='avia-arrow'><\/div><\/div><div class='avia-testimonial-meta-mini'><strong  class='avia-testimonial-name'    itemprop=\"name\" >Maril\u00fa V\u00e1zquez V\u00e1zquez<\/strong><span  class='avia-testimonial-subtitle'    itemprop=\"jobTitle\" >Tecnol\u00f3gico de Monterrey \/Licenciatura en Animaci\u00f3n y Arte Digital <\/span><\/div><\/div><\/div><\/div><\/section>\n<section class ='avia-testimonial-row'><div class='avia-testimonial av_one_half flex_column no_margin avia-testimonial-row-2 avia-first-testimonial'  itemscope=\"itemscope\" itemtype=\"https:\/\/schema.org\/Person\" ><div class='avia-testimonial_inner'><div class='avia-testimonial-content'    itemscope=\"itemscope\" itemtype=\"https:\/\/schema.org\/CreativeWork\" ><p>For me, Carlos Javier Hasbun, the opportunity to help in RETOS has been very significant, I had the chance to meet and know extraordinary people. Most of the time, people have different points of view regarding disabled persons, but now that I have the chance to truly know this people, I see that they are great persons no matter what they are going through. They struggle every day with problems, but regardless of this, they always have e smile to give. RETOS changed my mentality, since I had no experience or personal contact with people with disabilities. You have to be patient and try to understand their situation because all they want is to learn and improve. I admire the teachers and all those that work in RETOS, not everyone has the attitude and the spirit to be here, and I have learned a lot from them to improve and help. RETOS helped me have a better attitude towards myself, to jump in the way and don&#8217;t think twice when I have the opportunity to help someone in need.<\/p>\n<\/div><div class='avia-testimonial-meta'><div class='avia-testimonial-arrow-wrap'><div class='avia-arrow'><\/div><\/div><div class='avia-testimonial-meta-mini'><strong  class='avia-testimonial-name'    itemprop=\"name\" >Carlos Javier Hasbun<\/strong><span  class='avia-testimonial-subtitle'    itemprop=\"jobTitle\" >Tecnol\u00f3gico de Monterrey<\/span><\/div><\/div><\/div><\/div>\n<\/section><\/div>\n\n<\/div><\/div><\/div><!-- close content main div --><\/div><div class='av-extra-border-element border-extra-arrow-down'><div class='av-extra-border-outer'><div class='av-extra-border-inner'  style='background-color:#eaeaea;' ><\/div><\/div><\/div><\/div><div id='av_section_5' class='avia-section main_color avia-section-default avia-no-border-styling avia-bg-style-scroll  avia-builder-el-20  el_after_av_section  el_before_av_layout_row   container_wrap sidebar_right' style=' '  ><div class='container' ><div class='template-page content  av-content-small alpha units'><div class='post-entry post-entry-type-page post-entry-713'><div class='entry-content-wrapper clearfix'>\n<div class='flex_column_table av-equal-height-column-flextable -flextable' ><div class=\"flex_column av_one_fourth  flex_column_table_cell av-equal-height-column av-align-top av-zero-column-padding first  avia-builder-el-21  el_before_av_one_fourth  avia-builder-el-first\" style='border-radius:0px; '><section class='avia-team-member   avia-builder-el-22  avia-builder-el-no-sibling'  itemscope=\"itemscope\" itemtype=\"https:\/\/schema.org\/Person\" ><div class='team-img-container'><img class='avia_image avia_image_team' src='http:\/\/www.retos.org.mx\/wp-content\/uploads\/2022\/02\/anspac.png' alt='ANSPAC'  itemprop=\"image\"  \/><\/div><h3 class='team-member-name'   itemprop=\"name\" >ANSPAC<\/h3><div class='team-member-description'  itemprop=\"description\"  ><p>Loma Baja # 18000 Col. Lomas de San Francisco Monterrey, N.L. 64710<\/p>\n<p>General Manager<br \/>\nIsela Castillo<br \/>\n<a href=\"mailto:anspacjoven@hotmail.com\">anspacjoven@hotmail.com<\/a><br \/>\nTel. 8378-5756, 8378-5546<\/p>\n<p><a href=\"https:\/\/www.anspac.org.mx\/\" target=\"_blank\" rel=\"noopener\">www.anspac.org.mx<\/a><\/p>\n<\/div><span class='hidden team-member-affiliation'  itemprop=\"affiliation\" >Retos<\/span><\/section><\/div><div class='av-flex-placeholder'><\/div><div class=\"flex_column av_one_fourth  flex_column_table_cell av-equal-height-column av-align-top av-zero-column-padding   avia-builder-el-23  el_after_av_one_fourth  el_before_av_one_fourth\" style='border-radius:0px; '><section class='avia-team-member   avia-builder-el-24  avia-builder-el-no-sibling'  itemscope=\"itemscope\" itemtype=\"https:\/\/schema.org\/Person\" ><div class='team-img-container'><img class='avia_image avia_image_team' src='http:\/\/www.retos.org.mx\/wp-content\/uploads\/2022\/02\/Conalep.png' alt='CONALEP'  itemprop=\"image\"  \/><\/div><h3 class='team-member-name'   itemprop=\"name\" >CONALEP<\/h3><div class='team-member-job-title'   itemprop=\"jobTitle\" >Monterrey 2<\/div><div class='team-member-description'  itemprop=\"description\"  ><p>General Manager<br \/>\nLic. Wilibaldo Ambriz Cortes<br \/>\nTel. 8331-0510<\/p>\n<\/div><span class='hidden team-member-affiliation'  itemprop=\"affiliation\" >Retos<\/span><\/section><\/div><div class='av-flex-placeholder'><\/div><div class=\"flex_column av_one_fourth  flex_column_table_cell av-equal-height-column av-align-top av-zero-column-padding   avia-builder-el-25  el_after_av_one_fourth  el_before_av_one_fourth\" style='border-radius:0px; '><section class='avia-team-member   avia-builder-el-26  avia-builder-el-no-sibling'  itemscope=\"itemscope\" itemtype=\"https:\/\/schema.org\/Person\" ><div class='team-img-container'><img class='avia_image avia_image_team' src='http:\/\/www.retos.org.mx\/wp-content\/uploads\/2022\/02\/ceu.png' alt='CEU'  itemprop=\"image\"  \/><\/div><h3 class='team-member-name'   itemprop=\"name\" >CEU<\/h3><div class='team-member-job-title'   itemprop=\"jobTitle\" >Centro de Estudios Universitarios<\/div><div class='team-member-description'  itemprop=\"description\"  ><p>General Manager<br \/>\nLic. Mar\u00eda Luisa Ruiz Garc\u00eda<br \/>\nDirectora de Servicio Social y Bolsa de Trabajo<br \/>\n<a href=\"mailto:maria.ruiz@ceu.edu.mx\">maria.ruiz@ceu.edu.mx<\/a><br \/>\nTel. 8262-7700<\/p>\n<p><a href=\"https:\/\/www.ceu.edu.mx\" target=\"_blank\" rel=\"noopener\">www.ceu.edu.mx<\/a><\/p>\n<\/div><span class='hidden team-member-affiliation'  itemprop=\"affiliation\" >Retos<\/span><\/section><\/div><div class='av-flex-placeholder'><\/div><div class=\"flex_column av_one_fourth  flex_column_table_cell av-equal-height-column av-align-top av-zero-column-padding   avia-builder-el-27  el_after_av_one_fourth  el_before_av_one_fourth\" style='border-radius:0px; '><section class='avia-team-member   avia-builder-el-28  avia-builder-el-no-sibling'  itemscope=\"itemscope\" itemtype=\"https:\/\/schema.org\/Person\" ><div class='team-img-container'><img class='avia_image avia_image_team' src='http:\/\/www.retos.org.mx\/wp-content\/uploads\/2022\/02\/instituto-tecnologico-de-nuevo-leon.png' alt='Instituto Tecnol\u00f3gico de Nuevo Le\u00f3n'  itemprop=\"image\"  \/><\/div><h3 class='team-member-name'   itemprop=\"name\" >Instituto Tecnol\u00f3gico de Nuevo Le\u00f3n<\/h3><div class='team-member-description'  itemprop=\"description\"  ><p>Ave. Eloy Cavazos No. 2001 Col. Tolteca, Cd. Guadalupe, N.L. C.P. 67170<\/p>\n<p>Servicio Social<br \/>\nLic. Elisa Hern\u00e1ndez Saldivar<br \/>\nJefa de Depto. De Gesti\u00f3n Tecnol\u00f3gica y Vinculaci\u00f3n<\/p>\n<p>General Manager<br \/>\nLic. Mar\u00eda Armandina Ram\u00edrez Orozco<br \/>\nJefa de la Oficina de Servicio Social y Des. Comunitario<br \/>\n<a href=\"mailto:mandyram@hotmail.com\">mandyram@hotmail.com<\/a><br \/>\nTel. 8157-0500, ext: 133<\/p>\n<\/div><span class='hidden team-member-affiliation'  itemprop=\"affiliation\" >Retos<\/span><\/section><\/div><\/div><!--close column table wrapper. Autoclose: 1 --><div class='flex_column_table av-equal-height-column-flextable -flextable' ><div class=\"flex_column av_one_fourth  flex_column_table_cell av-equal-height-column av-align-top av-zero-column-padding first  avia-builder-el-29  el_after_av_one_fourth  el_before_av_one_fourth  column-top-margin\" style='border-radius:0px; '><section class='avia-team-member   avia-builder-el-30  avia-builder-el-no-sibling'  itemscope=\"itemscope\" itemtype=\"https:\/\/schema.org\/Person\" ><div class='team-img-container'><img class='avia_image avia_image_team' src='http:\/\/www.retos.org.mx\/wp-content\/uploads\/2022\/02\/Tecnologico-de-monterrey.png' alt='Tecnol\u00f3gico de Monterrey'  itemprop=\"image\"  \/><\/div><h3 class='team-member-name'   itemprop=\"name\" >Tecnol\u00f3gico de Monterrey<\/h3><div class='team-member-description'  itemprop=\"description\"  ><p>Tecnol\u00f3gico de Monterrey - ITESM<br \/>\nAvenida Eugenio Garza Sada N\u00ba 2501 Col. Tecnol\u00f3gico<\/p>\n<p>Servicio Social<br \/>\nLic. Keila Corina Galdamez Roque<br \/>\nDirecci\u00f3n de Formaci\u00f3n Social y Apoyo a la Comunidad<br \/>\nTecnol\u00f3gico de Monterrey, Campus Monterrey<\/p>\n<p>General Manager<br \/>\nIng. Agueda Gon<br \/>\n<a href=\"mailto:aguedagon@.itesm.mx\">aguedagon@.itesm.mx<\/a><br \/>\nTel. 8658-2000, ext: 3513 y 8157-0513<\/p>\n<p><a href=\"https:\/\/tec.mx\/\" target=\"_blank\" rel=\"noopener\">www.tec.mx<\/a><\/p>\n<\/div><span class='hidden team-member-affiliation'  itemprop=\"affiliation\" >Retos<\/span><\/section><\/div><div class='av-flex-placeholder'><\/div><div class=\"flex_column av_one_fourth  flex_column_table_cell av-equal-height-column av-align-top av-zero-column-padding   avia-builder-el-31  el_after_av_one_fourth  el_before_av_one_fourth  column-top-margin\" style='border-radius:0px; '><section class='avia-team-member   avia-builder-el-32  avia-builder-el-no-sibling'  itemscope=\"itemscope\" itemtype=\"https:\/\/schema.org\/Person\" ><div class='team-img-container'><img class='avia_image avia_image_team' src='http:\/\/www.retos.org.mx\/wp-content\/uploads\/2022\/02\/U-erre.png' alt='U-ERRE'  itemprop=\"image\"  \/><\/div><h3 class='team-member-name'   itemprop=\"name\" >U-ERRE<\/h3><div class='team-member-job-title'   itemprop=\"jobTitle\" >Universidad Regiomontana<\/div><div class='team-member-description'  itemprop=\"description\"  ><p>Ray\u00f3n N\u00ba. 480 sur 4to. Piso entre 5 y 15 de Mayo Centro Mty, N.L. 64000<\/p>\n<p>General Manager<br \/>\nLic. Anna Rossina Velazquez Garza<br \/>\n<a href=\"mailto:avelazqu@mail.ur.mx\">avelazqu@mail.ur.mx<\/a><\/p>\n<p><a href=\"https:\/\/www.u-erre.mx\/\" target=\"_blank\" rel=\"noopener\">www.u-erre.mx<\/a><\/p>\n<\/div><span class='hidden team-member-affiliation'  itemprop=\"affiliation\" >Retos<\/span><\/section><\/div><div class='av-flex-placeholder'><\/div><div class=\"flex_column av_one_fourth  flex_column_table_cell av-equal-height-column av-align-top av-zero-column-padding   avia-builder-el-33  el_after_av_one_fourth  el_before_av_one_fourth  column-top-margin\" style='border-radius:0px; '><section class='avia-team-member   avia-builder-el-34  avia-builder-el-no-sibling'  itemscope=\"itemscope\" itemtype=\"https:\/\/schema.org\/Person\" ><div class='team-img-container'><img class='avia_image avia_image_team' src='http:\/\/www.retos.org.mx\/wp-content\/uploads\/2022\/02\/logo_uvm-300x150.png' alt='UVM'  itemprop=\"image\"  \/><\/div><h3 class='team-member-name'   itemprop=\"name\" >UVM<\/h3><div class='team-member-job-title'   itemprop=\"jobTitle\" >Universidad del Valle de M\u00e9xico<\/div><div class='team-member-description'  itemprop=\"description\"  ><p>Conductores # 503 Esq. F\u00e9lix Galv\u00e1n Col. Pe\u00f1a Guerra San Nicol\u00e1s de los Garza, N.L.<\/p>\n<p>General Manager<br \/>\nLic. Adri\u00e1n Isabel L\u00f3pez Cruz<br \/>\n<a href=\"mailto:adriana.lopezc@uvm.net.mx\">adriana.lopezc@uvm.net.mx<\/a><br \/>\nTel. 8121-4800, 8121-9990<\/p>\n<p><a href=\"https:\/\/uvm.mx\/\" target=\"_blank\" rel=\"noopener\">www.uvm.mx<\/a><\/p>\n<\/div><span class='hidden team-member-affiliation'  itemprop=\"affiliation\" >Retos<\/span><\/section><\/div><div class='av-flex-placeholder'><\/div><div class=\"flex_column av_one_fourth  flex_column_table_cell av-equal-height-column av-align-top av-zero-column-padding   avia-builder-el-35  el_after_av_one_fourth  el_before_av_one_fourth  column-top-margin\" style='border-radius:0px; '><section class='avia-team-member   avia-builder-el-36  avia-builder-el-no-sibling'  itemscope=\"itemscope\" itemtype=\"https:\/\/schema.org\/Person\" ><div class='team-img-container'><img class='avia_image avia_image_team' src='http:\/\/www.retos.org.mx\/wp-content\/uploads\/2022\/02\/secretaria-de-salud.png' alt='Secretar\u00eda de Salud'  itemprop=\"image\"  \/><\/div><h3 class='team-member-name'   itemprop=\"name\" >Secretar\u00eda de Salud<\/h3><div class='team-member-description'  itemprop=\"description\"  ><p>Servicio Social<br \/>\nLic. Karina L\u00f3pez<br \/>\nTel. 8344-0023<\/p>\n<\/div><span class='hidden team-member-affiliation'  itemprop=\"affiliation\" >Retos<\/span><\/section><\/div><\/div><!--close column table wrapper. Autoclose: 1 --><div class='flex_column_table av-equal-height-column-flextable -flextable' ><div class=\"flex_column av_one_fourth  flex_column_table_cell av-equal-height-column av-align-top av-zero-column-padding first  avia-builder-el-37  el_after_av_one_fourth  el_before_av_one_fourth  column-top-margin\" style='border-radius:0px; '><section class='avia-team-member   avia-builder-el-38  avia-builder-el-no-sibling'  itemscope=\"itemscope\" itemtype=\"https:\/\/schema.org\/Person\" ><div class='team-img-container'><img class='avia_image avia_image_team' src='http:\/\/www.retos.org.mx\/wp-content\/uploads\/2022\/02\/Universidad-del-norte.png' alt='Universidad del Norte'  itemprop=\"image\"  \/><\/div><h3 class='team-member-name'   itemprop=\"name\" >Universidad del Norte<\/h3><div class='team-member-description'  itemprop=\"description\"  ><p>Ave. Venustiano Carranza #1350 Nte Mty. N.L<\/p>\n<p>General Manager<br \/>\nLic. Martin Rodr\u00edguez Canales<br \/>\nTel. 8398-4786, 8851-7200<\/p>\n<p><a href=\"https:\/\/www.un.edu.mx\/\" target=\"_blank\" rel=\"noopener\">www.un.edu.mx<\/a><\/p>\n<\/div><span class='hidden team-member-affiliation'  itemprop=\"affiliation\" >Retos<\/span><\/section><\/div><div class='av-flex-placeholder'><\/div><div class=\"flex_column av_one_fourth  flex_column_table_cell av-equal-height-column av-align-top av-zero-column-padding   avia-builder-el-39  el_after_av_one_fourth  el_before_av_one_fourth  column-top-margin\" style='border-radius:0px; '><section class='avia-team-member   avia-builder-el-40  avia-builder-el-no-sibling'  itemscope=\"itemscope\" itemtype=\"https:\/\/schema.org\/Person\" ><div class='team-img-container'><img class='avia_image avia_image_team' src='http:\/\/www.retos.org.mx\/wp-content\/uploads\/2022\/02\/udem.png' alt='UDEM'  itemprop=\"image\"  \/><\/div><h3 class='team-member-name'   itemprop=\"name\" >UDEM<\/h3><div class='team-member-description'  itemprop=\"description\"  ><p>Ignacio Morones Prieto No. 4500 Pte. , San Pedro Garza Garc\u00eda, N.L. C.P. 66238<\/p>\n<p>General Manager<br \/>\nLic. Diohema Anlleu Mora<br \/>\nCoordinadora Lideres UDEM al Servicio Social Profesional<br \/>\n<a href=\"mailto:diohema.anlleu@udem.edu.mx\">diohema.anlleu@udem.edu.mx<\/a><br \/>\nTel. 8215-1349, 82, 15, 13, 43, 82, 15, 10, 00 Ext. 1838<\/p>\n<p><a href=\"https:\/\/www.udem.edu.mx\/\" target=\"_blank\" rel=\"noopener\">www.udem.edu.mx<\/a><\/p>\n<\/div><span class='hidden team-member-affiliation'  itemprop=\"affiliation\" >Retos<\/span><\/section><\/div><div class='av-flex-placeholder'><\/div><div class=\"flex_column av_one_fourth  flex_column_table_cell av-equal-height-column av-align-top av-zero-column-padding   avia-builder-el-41  el_after_av_one_fourth  el_before_av_one_fourth  column-top-margin\" style='border-radius:0px; '><section class='avia-team-member   avia-builder-el-42  avia-builder-el-no-sibling'  itemscope=\"itemscope\" itemtype=\"https:\/\/schema.org\/Person\" ><div class='team-img-container'><img class='avia_image avia_image_team' src='http:\/\/www.retos.org.mx\/wp-content\/uploads\/2022\/02\/uanl.png' alt='UANL'  itemprop=\"image\"  \/><\/div><h3 class='team-member-name'   itemprop=\"name\" >UANL<\/h3><div class='team-member-job-title'   itemprop=\"jobTitle\" >Universidad Aut\u00f3noma de Nuevo Le\u00f3n<\/div><div class='team-member-description'  itemprop=\"description\"  ><p>P.A.Podolog\u00eda<br \/>\nM.E. Irma Guadalupe Rojas Garza<br \/>\n<a href=\"mailto:irma_rojas51@hotmail.com\">irma_rojas51@hotmail.com<\/a><br \/>\nTel. 8348-1010<\/p>\n<p>Preparatoria T\u00e9cnica Medica<br \/>\nIrma Bonilla<br \/>\nTel. 8348-4590 (3)<\/p>\n<p>Facultad de Psicolog\u00eda<br \/>\nServicio Social<br \/>\nLic. Blanca Cecilia Mart\u00ednez Nu\u00f1ez<br \/>\n<a href=\"mailto:blanca_psicosocial@yahoo.com.mx\">blanca_psicosocial@yahoo.com.mx <\/a><br \/>\nTel. 8348-0286<\/p>\n<p>Pr\u00e1ctica Profesionales<br \/>\nLic. Blanca Montoya<br \/>\n<a href=\"mailto:blancamontoya68@hotmail.com\">blancamontoya68@hotmail.com<\/a><br \/>\nTel. 8348-1065<\/p>\n<p><a href=\"https:\/\/www.uanl.mx\/\" target=\"_blank\" rel=\"noopener\">www.uanl.mx<\/a><\/p>\n<\/div><span class='hidden team-member-affiliation'  itemprop=\"affiliation\" >Retos<\/span><\/section><\/div><div class='av-flex-placeholder'><\/div><div class=\"flex_column av_one_fourth  flex_column_table_cell av-equal-height-column av-align-top av-zero-column-padding   avia-builder-el-43  el_after_av_one_fourth  el_before_av_one_fourth  column-top-margin\" style='border-radius:0px; '><section class='avia-team-member   avia-builder-el-44  avia-builder-el-no-sibling'  itemscope=\"itemscope\" itemtype=\"https:\/\/schema.org\/Person\" ><div class='team-img-container'><img class='avia_image avia_image_team' src='http:\/\/www.retos.org.mx\/wp-content\/uploads\/2022\/02\/UniversidadHumanista.png' alt='Universidad Humanista de las Am\u00e9ricas'  itemprop=\"image\"  \/><\/div><h3 class='team-member-name'   itemprop=\"name\" >Universidad Humanista de las Am\u00e9ricas<\/h3><div class='team-member-description'  itemprop=\"description\"  ><p>Martin de Zavala no. 510 Sur C. P. 64,000. Monterrey, Nuevo Le\u00f3n<\/p>\n<p>General Manager<br \/>\nLic. Mireya Garza Murrillo<br \/>\n<a href=\"mailto:mireyagarzamurillo@uha.edu.mx\">mireyagarzamurillo@uha.edu.mx<\/a><br \/>\nTel. 8340-5700<\/p>\n<p><a href=\"https:\/\/www.uha.edu.mx\/\" target=\"_blank\" rel=\"noopener\">www.uha.edu.mx<\/a><\/p>\n<\/div><span class='hidden team-member-affiliation'  itemprop=\"affiliation\" >Retos<\/span><\/section><\/div><\/div><!--close column table wrapper. Autoclose: 1 --><div class='flex_column_table av-equal-height-column-flextable -flextable' ><div class=\"flex_column av_one_fourth  flex_column_table_cell av-equal-height-column av-align-top av-zero-column-padding first  avia-builder-el-45  el_after_av_one_fourth  el_before_av_one_fourth  column-top-margin\" style='border-radius:0px; '><section class='avia-team-member   avia-builder-el-46  avia-builder-el-no-sibling'  itemscope=\"itemscope\" itemtype=\"https:\/\/schema.org\/Person\" ><div class='team-img-container'><img class='avia_image avia_image_team' src='http:\/\/www.retos.org.mx\/wp-content\/uploads\/2022\/02\/Universidad-metropolitana-de-monterrey.png' alt='UMM'  itemprop=\"image\"  \/><\/div><h3 class='team-member-name'   itemprop=\"name\" >UMM<\/h3><div class='team-member-job-title'   itemprop=\"jobTitle\" >Universidad Metropolitana de Monterrey<\/div><div class='team-member-description'  itemprop=\"description\"  ><p>Washington # 424-A Ote Centro Monterrey, N.L. 64000<\/p>\n<p>General Manager<br \/>\nLic. Ra\u00fal Abencer<br \/>\n<a href=\"mailto:rabencerrJE@umm.edu.mx\">rabencerrJE@umm.edu.mx<\/a><br \/>\nTel. 8130-7900 ext: 1146<\/p>\n<p><a href=\"https:\/\/www.umm.edu.mx\/\" target=\"_blank\" rel=\"noopener\">www.umm.edu.mx<\/a><\/p>\n<\/div><span class='hidden team-member-affiliation'  itemprop=\"affiliation\" >Retos<\/span><\/section><\/div><div class='av-flex-placeholder'><\/div><div class=\"flex_column av_one_fourth  flex_column_table_cell av-equal-height-column av-align-top av-zero-column-padding   avia-builder-el-47  el_after_av_one_fourth  el_before_av_one_fourth  column-top-margin\" style='border-radius:0px; '><\/div><div class='av-flex-placeholder'><\/div><div class=\"flex_column av_one_fourth  flex_column_table_cell av-equal-height-column av-align-top av-zero-column-padding   avia-builder-el-48  el_after_av_one_fourth  el_before_av_one_fourth  column-top-margin\" style='border-radius:0px; '><\/div><div class='av-flex-placeholder'><\/div><div class=\"flex_column av_one_fourth  flex_column_table_cell av-equal-height-column av-align-top av-zero-column-padding   avia-builder-el-49  el_after_av_one_fourth  avia-builder-el-last  column-top-margin\" style='border-radius:0px; '><\/div><\/div><!--close column table wrapper. Autoclose: 1 -->\n\n<\/div><\/div><\/div><!-- close content main div --><\/div><\/div><div id='contact' class='av-layout-grid-container entry-content-wrapper main_color av-flex-cells    avia-builder-el-50  el_after_av_section  avia-builder-el-last  submenu-not-first container_wrap sidebar_right' style=' '  >\n<div class=\"flex_cell no_margin av_two_third  avia-builder-el-51  el_before_av_cell_one_third  avia-builder-el-first   av-zero-padding\" style='background: #29a2ca; vertical-align:top; padding:0px; background-color:#29a2ca; '><div class='flex_cell_inner' ><div  data-size='featured_large'  data-lightbox_size='large'  data-animation='slide'  data-conditional_play=''  data-ids='556,539'  data-video_counter='0'  data-autoplay='true'  data-bg_slider='false'  data-slide_height=''  data-handle='av_slideshow'  data-interval='3'  data-class=' avia-builder-el-52  avia-builder-el-no-sibling  '  data-css_id=''  data-scroll_down=''  data-control_layout='av-control-minimal'  data-custom_markup=''  data-perma_caption=''  data-autoplay_stopper=''  data-image_attachment=''  data-min_height='0px'  data-default-height='42'  class='avia-slideshow avia-slideshow-1  av-control-minimal av-default-height-applied avia-slideshow-featured_large av_slideshow  avia-builder-el-52  avia-builder-el-no-sibling   avia-slide-slider'  itemprop=\"ImageObject\" itemscope=\"itemscope\" itemtype=\"https:\/\/schema.org\/ImageObject\" ><ul class='avia-slideshow-inner' style='padding-bottom: 42%;' ><li  class='slide-1' ><div data-rel='slideshow-1' class='avia-slide-wrap'   ><img src='https:\/\/www.retos.org.mx\/wp-content\/uploads\/2022\/02\/slider2-1500x630.png' width='1500' height='630' title='slider2' alt=''  itemprop=\"thumbnailUrl\"   \/><\/div><\/li><li  class='slide-2' ><div data-rel='slideshow-1' class='avia-slide-wrap'   ><img src='https:\/\/www.retos.org.mx\/wp-content\/uploads\/2022\/02\/woman-girl-with-down-syndrome-posing-by-window-1500x630.png' width='1500' height='630' title='woman-girl-with-down-syndrome-posing-by-window' alt=''  itemprop=\"thumbnailUrl\"   \/><\/div><\/li><\/ul><div class='avia-slideshow-arrows avia-slideshow-controls'><a href='#prev' class='prev-slide' aria-hidden='true' data-av_icon='\ue87c' data-av_iconfont='entypo-fontello'>Previous<\/a><a href='#next' class='next-slide' aria-hidden='true' data-av_icon='\ue87d' data-av_iconfont='entypo-fontello'>Next<\/a><\/div><div class='avia-slideshow-dots avia-slideshow-controls'><a href='#1' class='goto-slide active' >1<\/a><a href='#2' class='goto-slide' >2<\/a><\/div><\/div>\n<\/div><\/div><div class=\"flex_cell no_margin av_one_third  avia-builder-el-53  el_after_av_cell_two_third  avia-builder-el-last\" style='background: #29a2ca; vertical-align:middle; padding:30px; background-color:#29a2ca; '><div class='flex_cell_inner' ><section class=\"av_textblock_section\"  itemscope=\"itemscope\" itemtype=\"https:\/\/schema.org\/CreativeWork\" ><div class='avia_textblock  av_inherit_color'  style='color:#ffffff; '  itemprop=\"text\" ><p style=\"text-align: center;\">Give you the opportunity to <strong>observe the human being that lives in each one<\/strong> of the people that make up society and need your support.<\/p>\n<\/div><\/section><br \/>\n<div style='height:15px' class='hr hr-invisible   avia-builder-el-55  el_after_av_textblock  el_before_av_button'><span class='hr-inner' ><span class='hr-inner-style'><\/span><\/span><\/div><br \/>\n<div class='avia-button-wrap avia-button-center  avia-builder-el-56  el_after_av_hr  avia-builder-el-last'><a href='http:\/\/www.retos.org.mx\/en_us\/contact\/'  class='avia-button av-icon-on-hover  avia-icon_select-yes-right-icon avia-color-light avia-size-x-large avia-position-center'   ><span class='avia_iconbox_title' >Join to our volunteering program!<\/span><span class='avia_button_icon avia_button_icon_right' aria-hidden='true' data-av_icon='\ue805' data-av_iconfont='entypo-fontello'><\/span><\/a><\/div><\/p>\n<\/div><\/div>\n<\/div>",
        "protected": false
    },
    "excerpt": {
        "rendered": "",
        "protected": false
    },
    "author": 1,
    "featured_media": 0,
    "parent": 0,
    "menu_order": 0,
    "comment_status": "open",
    "ping_status": "open",
    "template": "",
    "meta": {
        "footnotes": ""
    },
    "class_list": [
        "post-713",
        "page",
        "type-page",
        "status-publish",
        "hentry"
    ],
    "_links": {
        "self": [
            {
                "href": "http:\/\/www.retos.org.mx\/en_us\/wp-json\/wp\/v2\/pages\/713",
                "targetHints": {
                    "allow": [
                        "GET"
                    ]
                }
            }
        ],
        "collection": [
            {
                "href": "http:\/\/www.retos.org.mx\/en_us\/wp-json\/wp\/v2\/pages"
            }
        ],
        "about": [
            {
                "href": "http:\/\/www.retos.org.mx\/en_us\/wp-json\/wp\/v2\/types\/page"
            }
        ],
        "author": [
            {
                "embeddable": true,
                "href": "http:\/\/www.retos.org.mx\/en_us\/wp-json\/wp\/v2\/users\/1"
            }
        ],
        "replies": [
            {
                "embeddable": true,
                "href": "http:\/\/www.retos.org.mx\/en_us\/wp-json\/wp\/v2\/comments?post=713"
            }
        ],
        "version-history": [
            {
                "count": 27,
                "href": "http:\/\/www.retos.org.mx\/en_us\/wp-json\/wp\/v2\/pages\/713\/revisions"
            }
        ],
        "predecessor-version": [
            {
                "id": 1112,
                "href": "http:\/\/www.retos.org.mx\/en_us\/wp-json\/wp\/v2\/pages\/713\/revisions\/1112"
            }
        ],
        "wp:attachment": [
            {
                "href": "http:\/\/www.retos.org.mx\/en_us\/wp-json\/wp\/v2\/media?parent=713"
            }
        ],
        "curies": [
            {
                "name": "wp",
                "href": "https:\/\/api.w.org\/{rel}",
                "templated": true
            }
        ]
    }
}